{"id":2427,"date":"2024-08-25T09:04:00","date_gmt":"2024-08-25T14:04:00","guid":{"rendered":"https:\/\/imeka.ca\/?p=2427"},"modified":"2024-11-15T15:06:19","modified_gmt":"2024-11-15T20:06:19","slug":"la-technologie-andimc-en-vedette-dans-une-nouvelle-publication","status":"publish","type":"post","link":"https:\/\/imeka.ca\/fr\/la-technologie-andimc-en-vedette-dans-une-nouvelle-publication\/","title":{"rendered":"La technologie ANDI en vedette dans une nouvelle publication"},"content":{"rendered":"\n<p>Un article scientifique ind\u00e9pendant portant sur la technologie ANDI a \u00e9t\u00e9 publi\u00e9 dans <em>BMC Neurology<\/em> par le docteur\u00a0Cyrus\u00a0Raji et son \u00e9quipe, de l\u2019\u00c9cole de m\u00e9decine\u00a0de l\u2019Universit\u00e9 de Washington.<\/p>\n\n\n\n<p><\/p>\n","protected":false},"excerpt":{"rendered":"<p>Un article scientifique ind\u00e9pendant portant sur la technologie ANDI a \u00e9t\u00e9 publi\u00e9 dans BMC Neurology par le docteur\u00a0Cyrus\u00a0Raji et son \u00e9quipe, de l\u2019\u00c9cole de m\u00e9decine\u00a0de l\u2019Universit\u00e9 de Washington.<\/p>\n","protected":false},"author":1,"featured_media":2023,"comment_status":"open","ping_status":"open","sticky":false,"template":"","format":"standard","meta":{"_acf_changed":false,"inline_featured_image":false,"footnotes":""},"categories":[22],"tags":[],"class_list":["post-2427","post","type-post","status-publish","format-standard","has-post-thumbnail","hentry","category-nouvelles"],"acf":[],"yoast_head":"<!-- This site is optimized with the Yoast SEO plugin v23.9 - https:\/\/yoast.com\/wordpress\/plugins\/seo\/ -->\n<title>La technologie ANDI en vedette dans une nouvelle publication - Imeka<\/title>\n<meta name=\"robots\" content=\"index, follow, max-snippet:-1, max-image-preview:large, max-video-preview:-1\" \/>\n<link rel=\"canonical\" href=\"https:\/\/imeka.ca\/fr\/la-technologie-andimc-en-vedette-dans-une-nouvelle-publication\/\" \/>\n<meta property=\"og:locale\" content=\"fr_FR\" \/>\n<meta property=\"og:type\" content=\"article\" \/>\n<meta property=\"og:title\" content=\"La technologie ANDI en vedette dans une nouvelle publication - Imeka\" \/>\n<meta property=\"og:description\" content=\"Un article scientifique ind\u00e9pendant portant sur la technologie ANDI a \u00e9t\u00e9 publi\u00e9 dans BMC Neurology par le docteur\u00a0Cyrus\u00a0Raji et son \u00e9quipe, de l\u2019\u00c9cole de m\u00e9decine\u00a0de l\u2019Universit\u00e9 de Washington.\" \/>\n<meta property=\"og:url\" content=\"https:\/\/imeka.ca\/fr\/la-technologie-andimc-en-vedette-dans-une-nouvelle-publication\/\" \/>\n<meta property=\"og:site_name\" content=\"Imeka\" \/>\n<meta property=\"article:published_time\" content=\"2024-08-25T14:04:00+00:00\" \/>\n<meta property=\"article:modified_time\" content=\"2024-11-15T20:06:19+00:00\" \/>\n<meta property=\"og:image\" content=\"https:\/\/imeka.ca\/app\/uploads\/2024\/08\/2-Image_Brain.png\" \/>\n\t<meta property=\"og:image:width\" content=\"1180\" \/>\n\t<meta property=\"og:image:height\" content=\"582\" \/>\n\t<meta property=\"og:image:type\" content=\"image\/png\" \/>\n<meta name=\"author\" content=\"lbcadmin\" \/>\n<meta name=\"twitter:card\" content=\"summary_large_image\" \/>\n<meta name=\"twitter:label1\" content=\"Written by\" \/>\n\t<meta name=\"twitter:data1\" content=\"lbcadmin\" \/>\n\t<meta name=\"twitter:label2\" content=\"Est. reading time\" \/>\n\t<meta name=\"twitter:data2\" content=\"1 minute\" \/>\n<script type=\"application\/ld+json\" class=\"yoast-schema-graph\">{\"@context\":\"https:\/\/schema.org\",\"@graph\":[{\"@type\":\"WebPage\",\"@id\":\"https:\/\/imeka.ca\/fr\/la-technologie-andimc-en-vedette-dans-une-nouvelle-publication\/\",\"url\":\"https:\/\/imeka.ca\/fr\/la-technologie-andimc-en-vedette-dans-une-nouvelle-publication\/\",\"name\":\"La technologie ANDI en vedette dans une nouvelle publication - Imeka\",\"isPartOf\":{\"@id\":\"https:\/\/imeka.ca\/fr\/#website\"},\"primaryImageOfPage\":{\"@id\":\"https:\/\/imeka.ca\/fr\/la-technologie-andimc-en-vedette-dans-une-nouvelle-publication\/#primaryimage\"},\"image\":{\"@id\":\"https:\/\/imeka.ca\/fr\/la-technologie-andimc-en-vedette-dans-une-nouvelle-publication\/#primaryimage\"},\"thumbnailUrl\":\"https:\/\/imeka.ca\/app\/uploads\/2024\/08\/2-Image_Brain.png\",\"datePublished\":\"2024-08-25T14:04:00+00:00\",\"dateModified\":\"2024-11-15T20:06:19+00:00\",\"author\":{\"@id\":\"https:\/\/imeka.ca\/fr\/#\/schema\/person\/c613b0a164b03b0d9cab8474f1bdd893\"},\"breadcrumb\":{\"@id\":\"https:\/\/imeka.ca\/fr\/la-technologie-andimc-en-vedette-dans-une-nouvelle-publication\/#breadcrumb\"},\"inLanguage\":\"fr-FR\",\"potentialAction\":[{\"@type\":\"ReadAction\",\"target\":[\"https:\/\/imeka.ca\/fr\/la-technologie-andimc-en-vedette-dans-une-nouvelle-publication\/\"]}]},{\"@type\":\"ImageObject\",\"inLanguage\":\"fr-FR\",\"@id\":\"https:\/\/imeka.ca\/fr\/la-technologie-andimc-en-vedette-dans-une-nouvelle-publication\/#primaryimage\",\"url\":\"https:\/\/imeka.ca\/app\/uploads\/2024\/08\/2-Image_Brain.png\",\"contentUrl\":\"https:\/\/imeka.ca\/app\/uploads\/2024\/08\/2-Image_Brain.png\",\"width\":1180,\"height\":582,\"caption\":\"Imagerie par tenseur de diffusion\"},{\"@type\":\"BreadcrumbList\",\"@id\":\"https:\/\/imeka.ca\/fr\/la-technologie-andimc-en-vedette-dans-une-nouvelle-publication\/#breadcrumb\",\"itemListElement\":[{\"@type\":\"ListItem\",\"position\":1,\"name\":\"Home\",\"item\":\"https:\/\/imeka.ca\/fr\/\"},{\"@type\":\"ListItem\",\"position\":2,\"name\":\"La technologie ANDI en vedette dans une nouvelle publication\"}]},{\"@type\":\"WebSite\",\"@id\":\"https:\/\/imeka.ca\/fr\/#website\",\"url\":\"https:\/\/imeka.ca\/fr\/\",\"name\":\"Imeka\",\"description\":\"\",\"potentialAction\":[{\"@type\":\"SearchAction\",\"target\":{\"@type\":\"EntryPoint\",\"urlTemplate\":\"https:\/\/imeka.ca\/fr\/?s={search_term_string}\"},\"query-input\":{\"@type\":\"PropertyValueSpecification\",\"valueRequired\":true,\"valueName\":\"search_term_string\"}}],\"inLanguage\":\"fr-FR\"},{\"@type\":\"Person\",\"@id\":\"https:\/\/imeka.ca\/fr\/#\/schema\/person\/c613b0a164b03b0d9cab8474f1bdd893\",\"name\":\"lbcadmin\",\"image\":{\"@type\":\"ImageObject\",\"inLanguage\":\"fr-FR\",\"@id\":\"https:\/\/imeka.ca\/fr\/#\/schema\/person\/image\/\",\"url\":\"https:\/\/secure.gravatar.com\/avatar\/2a08430eea407a809a57e5e0126cd244?s=96&d=mm&r=g\",\"contentUrl\":\"https:\/\/secure.gravatar.com\/avatar\/2a08430eea407a809a57e5e0126cd244?s=96&d=mm&r=g\",\"caption\":\"lbcadmin\"},\"sameAs\":[\"https:\/\/imeka.ca\/wp\"],\"url\":\"https:\/\/imeka.ca\/fr\/author\/lbcadmin\/\"}]}<\/script>\n<!-- \/ Yoast SEO plugin. -->","yoast_head_json":{"title":"La technologie ANDI en vedette dans une nouvelle publication - Imeka","robots":{"index":"index","follow":"follow","max-snippet":"max-snippet:-1","max-image-preview":"max-image-preview:large","max-video-preview":"max-video-preview:-1"},"canonical":"https:\/\/imeka.ca\/fr\/la-technologie-andimc-en-vedette-dans-une-nouvelle-publication\/","og_locale":"fr_FR","og_type":"article","og_title":"La technologie ANDI en vedette dans une nouvelle publication - Imeka","og_description":"Un article scientifique ind\u00e9pendant portant sur la technologie ANDI a \u00e9t\u00e9 publi\u00e9 dans BMC Neurology par le docteur\u00a0Cyrus\u00a0Raji et son \u00e9quipe, de l\u2019\u00c9cole de m\u00e9decine\u00a0de l\u2019Universit\u00e9 de Washington.","og_url":"https:\/\/imeka.ca\/fr\/la-technologie-andimc-en-vedette-dans-une-nouvelle-publication\/","og_site_name":"Imeka","article_published_time":"2024-08-25T14:04:00+00:00","article_modified_time":"2024-11-15T20:06:19+00:00","og_image":[{"width":1180,"height":582,"url":"https:\/\/imeka.ca\/app\/uploads\/2024\/08\/2-Image_Brain.png","type":"image\/png"}],"author":"lbcadmin","twitter_card":"summary_large_image","twitter_misc":{"Written by":"lbcadmin","Est. reading time":"1 minute"},"schema":{"@context":"https:\/\/schema.org","@graph":[{"@type":"WebPage","@id":"https:\/\/imeka.ca\/fr\/la-technologie-andimc-en-vedette-dans-une-nouvelle-publication\/","url":"https:\/\/imeka.ca\/fr\/la-technologie-andimc-en-vedette-dans-une-nouvelle-publication\/","name":"La technologie ANDI en vedette dans une nouvelle publication - Imeka","isPartOf":{"@id":"https:\/\/imeka.ca\/fr\/#website"},"primaryImageOfPage":{"@id":"https:\/\/imeka.ca\/fr\/la-technologie-andimc-en-vedette-dans-une-nouvelle-publication\/#primaryimage"},"image":{"@id":"https:\/\/imeka.ca\/fr\/la-technologie-andimc-en-vedette-dans-une-nouvelle-publication\/#primaryimage"},"thumbnailUrl":"https:\/\/imeka.ca\/app\/uploads\/2024\/08\/2-Image_Brain.png","datePublished":"2024-08-25T14:04:00+00:00","dateModified":"2024-11-15T20:06:19+00:00","author":{"@id":"https:\/\/imeka.ca\/fr\/#\/schema\/person\/c613b0a164b03b0d9cab8474f1bdd893"},"breadcrumb":{"@id":"https:\/\/imeka.ca\/fr\/la-technologie-andimc-en-vedette-dans-une-nouvelle-publication\/#breadcrumb"},"inLanguage":"fr-FR","potentialAction":[{"@type":"ReadAction","target":["https:\/\/imeka.ca\/fr\/la-technologie-andimc-en-vedette-dans-une-nouvelle-publication\/"]}]},{"@type":"ImageObject","inLanguage":"fr-FR","@id":"https:\/\/imeka.ca\/fr\/la-technologie-andimc-en-vedette-dans-une-nouvelle-publication\/#primaryimage","url":"https:\/\/imeka.ca\/app\/uploads\/2024\/08\/2-Image_Brain.png","contentUrl":"https:\/\/imeka.ca\/app\/uploads\/2024\/08\/2-Image_Brain.png","width":1180,"height":582,"caption":"Imagerie par tenseur de diffusion"},{"@type":"BreadcrumbList","@id":"https:\/\/imeka.ca\/fr\/la-technologie-andimc-en-vedette-dans-une-nouvelle-publication\/#breadcrumb","itemListElement":[{"@type":"ListItem","position":1,"name":"Home","item":"https:\/\/imeka.ca\/fr\/"},{"@type":"ListItem","position":2,"name":"La technologie ANDI en vedette dans une nouvelle publication"}]},{"@type":"WebSite","@id":"https:\/\/imeka.ca\/fr\/#website","url":"https:\/\/imeka.ca\/fr\/","name":"Imeka","description":"","potentialAction":[{"@type":"SearchAction","target":{"@type":"EntryPoint","urlTemplate":"https:\/\/imeka.ca\/fr\/?s={search_term_string}"},"query-input":{"@type":"PropertyValueSpecification","valueRequired":true,"valueName":"search_term_string"}}],"inLanguage":"fr-FR"},{"@type":"Person","@id":"https:\/\/imeka.ca\/fr\/#\/schema\/person\/c613b0a164b03b0d9cab8474f1bdd893","name":"lbcadmin","image":{"@type":"ImageObject","inLanguage":"fr-FR","@id":"https:\/\/imeka.ca\/fr\/#\/schema\/person\/image\/","url":"https:\/\/secure.gravatar.com\/avatar\/2a08430eea407a809a57e5e0126cd244?s=96&d=mm&r=g","contentUrl":"https:\/\/secure.gravatar.com\/avatar\/2a08430eea407a809a57e5e0126cd244?s=96&d=mm&r=g","caption":"lbcadmin"},"sameAs":["https:\/\/imeka.ca\/wp"],"url":"https:\/\/imeka.ca\/fr\/author\/lbcadmin\/"}]}},"_links":{"self":[{"href":"https:\/\/imeka.ca\/fr\/wp-json\/wp\/v2\/posts\/2427","targetHints":{"allow":["GET"]}}],"collection":[{"href":"https:\/\/imeka.ca\/fr\/wp-json\/wp\/v2\/posts"}],"about":[{"href":"https:\/\/imeka.ca\/fr\/wp-json\/wp\/v2\/types\/post"}],"author":[{"embeddable":true,"href":"https:\/\/imeka.ca\/fr\/wp-json\/wp\/v2\/users\/1"}],"replies":[{"embeddable":true,"href":"https:\/\/imeka.ca\/fr\/wp-json\/wp\/v2\/comments?post=2427"}],"version-history":[{"count":11,"href":"https:\/\/imeka.ca\/fr\/wp-json\/wp\/v2\/posts\/2427\/revisions"}],"predecessor-version":[{"id":4060,"href":"https:\/\/imeka.ca\/fr\/wp-json\/wp\/v2\/posts\/2427\/revisions\/4060"}],"wp:featuredmedia":[{"embeddable":true,"href":"https:\/\/imeka.ca\/fr\/wp-json\/wp\/v2\/media\/2023"}],"wp:attachment":[{"href":"https:\/\/imeka.ca\/fr\/wp-json\/wp\/v2\/media?parent=2427"}],"wp:term":[{"taxonomy":"category","embeddable":true,"href":"https:\/\/imeka.ca\/fr\/wp-json\/wp\/v2\/categories?post=2427"},{"taxonomy":"post_tag","embeddable":true,"href":"https:\/\/imeka.ca\/fr\/wp-json\/wp\/v2\/tags?post=2427"}],"curies":[{"name":"wp","href":"https:\/\/api.w.org\/{rel}","templated":true}]}}